{"id":6923,"date":"2013-12-19T12:39:49","date_gmt":"2013-12-19T14:39:49","guid":{"rendered":"http:\/\/www.avisala.org.br\/?p=6923"},"modified":"2023-11-10T09:12:36","modified_gmt":"2023-11-10T12:12:36","slug":"renovacao-de-assinatura-da-revista-avisa-la-2014","status":"publish","type":"post","link":"https:\/\/avisala.org.br\/index.php\/noticias\/renovacao-de-assinatura-da-revista-avisa-la-2014\/","title":{"rendered":"Renova\u00e7\u00e3o de Assinatura da Revista Avisa l\u00e1 2014"},"content":{"rendered":"<p><strong>Iremos manter o pre\u00e7o de 2013 at\u00e9 mar\u00e7o para renovar ou assinar a Revista Avisa l\u00e1 edi\u00e7\u00f5es de 2014<\/strong><!--more--><\/p>\n<p>A assinatura \u00e9 anual (dentro do mesmo ano) com direito a quatro n\u00fameros. \u00a0As edi\u00e7\u00f5es s\u00e3o trimestrais (n\u00fameros 57, 58, 59 e 60) envio a partir de fevereiro e o valor do frete j\u00e1 est\u00e1 incluso.<\/p>\n<p>Renovar \u00e9 f\u00e1cil, voc\u00ea poder\u00e1 pagar com boleto banc\u00e1rio e cart\u00e3o de cr\u00e9dito ou d\u00e9bito atrav\u00e9s de nossa loja.<\/p>\n<p>Basta clicar na op\u00e7\u00e3o &#8220;Assinaturas&#8221; no menu ao lado esquerdo e clicar no produto: &#8220;Assinatura\/Renova\u00e7\u00e3o da revista Avisa l\u00e1 para 2014&#8221;<\/p>\n<p>Acesse agora http:\/\/loja.avisala.org.br<\/p>\n<p style=\"text-align: center;\"><img loading=\"lazy\" decoding=\"async\" class=\"aligncenter  wp-image-6924\" src=\"http:\/\/www.avisala.org.br\/portal\/wp-content\/uploads\/2013\/12\/Capturar.jpg\" alt=\"Assinatura Revista Avisa l\u00e1 2014\" width=\"544\" height=\"391\" srcset=\"https:\/\/avisala.org.br\/wp-content\/uploads\/2013\/12\/Capturar.jpg 777w, https:\/\/avisala.org.br\/wp-content\/uploads\/2013\/12\/Capturar-300x215.jpg 300w\" sizes=\"auto, (max-width: 544px) 100vw, 544px\" \/><\/p>\n","protected":false},"excerpt":{"rendered":"<p>Iremos manter o pre\u00e7o de 2013 at\u00e9 mar\u00e7o para renovar ou assinar a Revista Avisa l\u00e1 edi\u00e7\u00f5es de 2014<\/p>\n","protected":false},"author":1,"featured_media":0,"comment_status":"closed","ping_status":"closed","sticky":false,"template":"","format":"standard","meta":{"footnotes":""},"categories":[1],"tags":[],"class_list":["post-6923","post","type-post","status-publish","format-standard","hentry","category-noticias"],"_links":{"self":[{"href":"https:\/\/avisala.org.br\/index.php\/wp-json\/wp\/v2\/posts\/6923","targetHints":{"allow":["GET"]}}],"collection":[{"href":"https:\/\/avisala.org.br\/index.php\/wp-json\/wp\/v2\/posts"}],"about":[{"href":"https:\/\/avisala.org.br\/index.php\/wp-json\/wp\/v2\/types\/post"}],"author":[{"embeddable":true,"href":"https:\/\/avisala.org.br\/index.php\/wp-json\/wp\/v2\/users\/1"}],"replies":[{"embeddable":true,"href":"https:\/\/avisala.org.br\/index.php\/wp-json\/wp\/v2\/comments?post=6923"}],"version-history":[{"count":1,"href":"https:\/\/avisala.org.br\/index.php\/wp-json\/wp\/v2\/posts\/6923\/revisions"}],"predecessor-version":[{"id":16140,"href":"https:\/\/avisala.org.br\/index.php\/wp-json\/wp\/v2\/posts\/6923\/revisions\/16140"}],"wp:attachment":[{"href":"https:\/\/avisala.org.br\/index.php\/wp-json\/wp\/v2\/media?parent=6923"}],"wp:term":[{"taxonomy":"category","embeddable":true,"href":"https:\/\/avisala.org.br\/index.php\/wp-json\/wp\/v2\/categories?post=6923"},{"taxonomy":"post_tag","embeddable":true,"href":"https:\/\/avisala.org.br\/index.php\/wp-json\/wp\/v2\/tags?post=6923"}],"curies":[{"name":"wp","href":"https:\/\/api.w.org\/{rel}","templated":true}]}}