{"id":4809,"date":"2005-07-09T18:39:42","date_gmt":"2005-07-09T21:39:42","guid":{"rendered":"http:\/\/avisala1.tempsite.ws\/portal\/?p=4809"},"modified":"2023-03-27T18:00:59","modified_gmt":"2023-03-27T21:00:59","slug":"a-imagem-e-semelhanca","status":"publish","type":"post","link":"https:\/\/avisala.org.br\/index.php\/assunto\/sustanca\/a-imagem-e-semelhanca\/","title":{"rendered":"\u00c0 imagem e semelhan\u00e7a"},"content":{"rendered":"<p><strong>A elabora\u00e7\u00e3o dos bonecos<\/strong><br \/>\nFotografei digitalmente algumas crian\u00e7as muito queridas do Centro de Conviv\u00eancia Infantil do Instituto Adolfo Lutz, em S\u00e3o Paulo, creche onde desenvolvi com as educadoras o projeto O Ambiente F\u00edsico e Objetos que Educam. Trabalhei as imagens no computador \u2013 no programa Photoshop \u2013, primeiro transformando-as em preto-e-branco e aumentando o contraste e brilho para real\u00e7ar o volume. Distorci livremente para que ficassem um pouco mais gr\u00e1ficas e menos realistas. Adeq\u00fcei o tamanho das imagens para uma folha de papel A4 e imprimi. Escolhi uma de menino e outra de menina para servir de refer\u00eancia para meu desenho.<\/p>\n<p style=\"text-align: center;\"><img loading=\"lazy\" decoding=\"async\" class=\"aligncenter size-full wp-image-4812\" src=\"http:\/\/avisala.org.br\/wp-content\/uploads\/2013\/03\/avisala_23_sus1.jpg\" alt=\"avisala_23_sus1\" width=\"394\" height=\"515\" srcset=\"https:\/\/avisala.org.br\/wp-content\/uploads\/2013\/03\/avisala_23_sus1.jpg 394w, https:\/\/avisala.org.br\/wp-content\/uploads\/2013\/03\/avisala_23_sus1-229x300.jpg 229w\" sizes=\"auto, (max-width: 394px) 100vw, 394px\" \/><\/p>\n<p>Com fita adesiva, fixei-as uma a uma numa chapa de eucatex um pouco maior e, sobre elas, coloquei uma folha de papel vegetal fino, onde desenhei, com l\u00e1pis count\u00e9, primeiro nas cores marrom claro e escuro e depois em preto, destacando e transformando detalhes para real\u00e7ar e acentuar as sombras. Assinei e copiei o resultado com o scanner. Com um toque a mais de sombreado no computador, as imagens ficaram prontas para serem impressas na quantidade requerida.<\/p>\n<p style=\"text-align: center;\"><img loading=\"lazy\" decoding=\"async\" class=\"aligncenter size-full wp-image-4813\" src=\"http:\/\/avisala.org.br\/wp-content\/uploads\/2013\/03\/avisala_23_sus2.jpg\" alt=\"avisala_23_sus2\" width=\"359\" height=\"504\" srcset=\"https:\/\/avisala.org.br\/wp-content\/uploads\/2013\/03\/avisala_23_sus2.jpg 359w, https:\/\/avisala.org.br\/wp-content\/uploads\/2013\/03\/avisala_23_sus2-213x300.jpg 213w\" sizes=\"auto, (max-width: 359px) 100vw, 359px\" \/><\/p>\n<p><strong>Profissional das artes<\/strong><br \/>\nA artista visual Beatriz Bianco orienta oficinas de artes pl\u00e1sticas para forma\u00e7\u00e3o de professores, educadores de creches e cursos projetados especialmente para escolas, empresas, institui\u00e7\u00f5es e eventos.<\/p>\n<p>(Beatriz Bianco, educadora e artista pl\u00e1stica, E-mail: beatrizbianco@uol.com.br)<\/p>\n","protected":false},"excerpt":{"rendered":"<p>Neste artigo, a artista visual Beatriz Bianco mostra seu trabalho feito especialmente para o Centro de Conviv\u00eancia Infantil do Instituto Adolfo Lutz, em S\u00e3o Paulo<\/p>\n","protected":false},"author":100,"featured_media":3096,"comment_status":"open","ping_status":"open","sticky":false,"template":"","format":"standard","meta":{"footnotes":""},"categories":[384,27],"tags":[1106,28,966,967,1329,42,43],"class_list":{"0":"post-4809","1":"post","2":"type-post","3":"status-publish","4":"format-standard","5":"has-post-thumbnail","6":"hentry","7":"category-revista-avisala-23","8":"category-sustanca","9":"tag-revista-avisa-la-2005","10":"tag-arte","11":"tag-beatriz-bianco","12":"tag-bonecos","13":"tag-inclusao","14":"tag-preconceito","15":"tag-racismo","17":"post-with-thumbnail","18":"post-with-thumbnail-large"},"_links":{"self":[{"href":"https:\/\/avisala.org.br\/index.php\/wp-json\/wp\/v2\/posts\/4809","targetHints":{"allow":["GET"]}}],"collection":[{"href":"https:\/\/avisala.org.br\/index.php\/wp-json\/wp\/v2\/posts"}],"about":[{"href":"https:\/\/avisala.org.br\/index.php\/wp-json\/wp\/v2\/types\/post"}],"author":[{"embeddable":true,"href":"https:\/\/avisala.org.br\/index.php\/wp-json\/wp\/v2\/users\/100"}],"replies":[{"embeddable":true,"href":"https:\/\/avisala.org.br\/index.php\/wp-json\/wp\/v2\/comments?post=4809"}],"version-history":[{"count":0,"href":"https:\/\/avisala.org.br\/index.php\/wp-json\/wp\/v2\/posts\/4809\/revisions"}],"wp:featuredmedia":[{"embeddable":true,"href":"https:\/\/avisala.org.br\/index.php\/wp-json\/wp\/v2\/media\/3096"}],"wp:attachment":[{"href":"https:\/\/avisala.org.br\/index.php\/wp-json\/wp\/v2\/media?parent=4809"}],"wp:term":[{"taxonomy":"category","embeddable":true,"href":"https:\/\/avisala.org.br\/index.php\/wp-json\/wp\/v2\/categories?post=4809"},{"taxonomy":"post_tag","embeddable":true,"href":"https:\/\/avisala.org.br\/index.php\/wp-json\/wp\/v2\/tags?post=4809"}],"curies":[{"name":"wp","href":"https:\/\/api.w.org\/{rel}","templated":true}]}}