{"id":18771,"date":"2026-04-30T18:57:06","date_gmt":"2026-04-30T21:57:06","guid":{"rendered":"https:\/\/avisala.org.br\/?p=18771"},"modified":"2026-04-30T18:57:06","modified_gmt":"2026-04-30T21:57:06","slug":"minha-trajetoria-no-avisa-la","status":"publish","type":"post","link":"https:\/\/avisala.org.br\/index.php\/noticias\/minha-trajetoria-no-avisa-la\/","title":{"rendered":"Minha trajet\u00f3ria no Avisa L\u00e1"},"content":{"rendered":"<p style=\"text-align: center;\"><strong>Cuidar e Educar:<br \/>\na trajet\u00f3ria de uma enfermeira e educadora no Instituto Avisa L\u00e1.<\/strong><\/p>\n<p style=\"text-align: center;\">Damaris Gomes Maranh\u00e3o*<\/p>\n<p><img loading=\"lazy\" decoding=\"async\" class=\"size-medium wp-image-18772 alignleft\" src=\"https:\/\/avisala.org.br\/wp-content\/uploads\/2026\/04\/WhatsApp-Image-2026-04-30-at-18.35.55-298x300.jpeg\" alt=\"\" width=\"298\" height=\"300\" srcset=\"https:\/\/avisala.org.br\/wp-content\/uploads\/2026\/04\/WhatsApp-Image-2026-04-30-at-18.35.55-298x300.jpeg 298w, https:\/\/avisala.org.br\/wp-content\/uploads\/2026\/04\/WhatsApp-Image-2026-04-30-at-18.35.55-1017x1024.jpeg 1017w, https:\/\/avisala.org.br\/wp-content\/uploads\/2026\/04\/WhatsApp-Image-2026-04-30-at-18.35.55-150x150.jpeg 150w, https:\/\/avisala.org.br\/wp-content\/uploads\/2026\/04\/WhatsApp-Image-2026-04-30-at-18.35.55-768x773.jpeg 768w, https:\/\/avisala.org.br\/wp-content\/uploads\/2026\/04\/WhatsApp-Image-2026-04-30-at-18.35.55-1525x1536.jpeg 1525w, https:\/\/avisala.org.br\/wp-content\/uploads\/2026\/04\/WhatsApp-Image-2026-04-30-at-18.35.55.jpeg 1589w\" sizes=\"auto, (max-width: 298px) 100vw, 298px\" \/>Por ter atuado nos antigos Centros Infantis da SEBES &#8211; Secretaria de Bem-estar Social e tamb\u00e9m na Secretaria do Estado do Menor, onde tive a oportunidade de conhecer Elsa Corsi e Silvia Carvalho (al\u00e9m de outros profissionais que contribu\u00edram para a constru\u00e7\u00e3o de uma pol\u00edtica de Educa\u00e7\u00e3o Infantil), em 1994 fui convidada para compor a equipe do Programa Capacitar, uma forma\u00e7\u00e3o de profissionais da educa\u00e7\u00e3o infantil. Essa experi\u00eancia suscitou reflex\u00f5es sobre o conte\u00fado das forma\u00e7\u00f5es dos denominados \u201ceducadores\u201d e foi o gatilho que me instigou a pesquisar a interface entre cuidar e educar, o que constituiu, por fim, no meu objeto de pesquisa no mestrado e doutorado.<\/p>\n<p>Apesar de aprovada no mestrado da Faculdade de Sa\u00fade P\u00fablica da USP, n\u00e3o houve interesse pelo meu tema de estudo por parte do professor que me entrevistou e, por sugest\u00e3o de uma colega do Avisa L\u00e1 \u2013 Sonia London, \u00a0participei da sele\u00e7\u00e3o e fui aprovada no Mestrado da Escola Paulista de Enfermagem, com orienta\u00e7\u00e3o da antrop\u00f3loga Cynthia Sarti. Desenvolvi a pesquisa sobre o cuidado no contexto da educa\u00e7\u00e3o infantil, concluindo a Disserta\u00e7\u00e3o de Mestrado em Enfermagem Pedi\u00e1trica, em 1998.<\/p>\n<p>No mesmo ano, ap\u00f3s concluir a disserta\u00e7\u00e3o fui convidada a participar do Referencial Curricular Nacional de Educa\u00e7\u00e3o Infantil, contribuindo com o conceito de cuidado que permeia a educa\u00e7\u00e3o infantil<\/p>\n<p>O Instituto iniciou, em 1999, a publica\u00e7\u00e3o da Revista Avisa l\u00e1 para profissionais da Educa\u00e7\u00e3o Infantil e dos anos iniciais do Ensino Fundamental e fui convidada para escrever um artigo para a se\u00e7\u00e3o <em>Jeitos de Cuidar<\/em>. Ap\u00f3s a publica\u00e7\u00e3o do primeiro texto <em>Colo: um cuidado que educa<\/em>, continuei escrevendo e publicando outros artigos sobre a interface cuidar e educar. Estes artigos me empoderaram junto aos profissionais de educa\u00e7\u00e3o infantil, abrindo uma nova trilha de articula\u00e7\u00e3o da enfermagem, arte e ci\u00eancia do cuidado, com a pedagogia, tanto com o objetivo de educar para a sa\u00fade, como com o do crescimento e desenvolvimento infantil.<\/p>\n<p>Estas trilhas associadas \u00e0 publica\u00e7\u00e3o de trabalhos acad\u00eamicos, artigos e cap\u00edtulos em livro, derivados da pesquisa realizada durante o mestrado e posteriormente no doutorado, abriram outras oportunidades junto ao Minist\u00e9rio da Educa\u00e7\u00e3o. Fui convidada para participar da elabora\u00e7\u00e3o e escrita dos documentos oficiais como o RCNEI publicado em 1998, depois das Diretrizes Curriculares Nacionais de Educa\u00e7\u00e3o Infantil, com o texto<em> Sa\u00fade e Bem Estar das crian\u00e7as: uma meta para profissionais de educa\u00e7\u00e3o, sa\u00fade e familiares, <\/em>publicado em 2010 e da Base Curricular Nacional Comum, em 2015.<\/p>\n<p>O Instituto Avisa L\u00e1 tamb\u00e9m me deu a oportunidade de proferir palestras em v\u00e1rias cidades e estados brasileiros. Ap\u00f3s concluir o mestrado e publicar dois artigos, fui convidada para compor a equipe de professores de enfermagem da Universidade de Santo Amaro, onde ministrei aulas de \u00c9tica, Enfermagem do Trabalho e Enfermagem Pedi\u00e1trica durante 16 anos.<\/p>\n<p>Em 2006 conclui\u00a0\u00a0 o Doutorado em Ci\u00eancias da Sa\u00fade na EPM\/ UNIFESP, com pesquisa sobre as Rela\u00e7\u00f5es Fam\u00edlias e Profissionais da educa\u00e7\u00e3o infantil no processo de compartilhar cuidados e educa\u00e7\u00e3o. Tamb\u00e9m fui convidada e ministrei aulas no Curso de P\u00f3s-Gradua\u00e7\u00e3o em Educa\u00e7\u00e3o Infantil em uma faculdade de pedagogia.\u00a0 Fui supervisora e consultora em creches de empresas at\u00e9 julho de 2024.<\/p>\n<p>Tive a oportunidade de aprofundar meus estudos e trabalhar em diversas institui\u00e7\u00f5es, mas minha trajet\u00f3ria no Instituto Avisa L\u00e1, como consultora e formadora de profissionais, foi uma alavanca para o meu desenvolvimento profissional e ainda \u00e9 um porto seguro para mim.<br \/>\nEspero que neste anivers\u00e1rio de 40 anos, o Instituto siga sendo essa refer\u00eancia viva de que uma educa\u00e7\u00e3o de qualidade \u00e9 feita de escuta, conhecimento e compromisso \u2014 valores que continuarei a levar comigo em minha pr\u00e1tica como educadora.<\/p>\n<p>__________________________________________________<\/p>\n<p>(*) Damaris Gomes Maranh\u00e3o \u2013 enfermeira, dra. em Ci\u00eancias da Sa\u00fade, consultora do Avisa L\u00e1 e colaboradora do MEC nos RCNEI, DCNEI e BNCCEI.<\/p>\n<p>&nbsp;<\/p>\n<p>&nbsp;<\/p>\n<p><a href=\"#_ftnref1\" name=\"_ftn1\"><\/a><\/p>\n","protected":false},"excerpt":{"rendered":"<p>Cuidar e Educar: a trajet\u00f3ria de uma enfermeira e educadora no Instituto Avisa L\u00e1. Damaris Gomes Maranh\u00e3o* Por ter atuado nos antigos Centros Infantis da SEBES &#8211; Secretaria de Bem-estar Social e tamb\u00e9m na Secretaria do Estado do Menor, onde tive a oportunidade de conhecer Elsa Corsi e Silvia Carvalho (al\u00e9m de outros profissionais que [&hellip;]<\/p>\n","protected":false},"author":226,"featured_media":18773,"comment_status":"open","ping_status":"open","sticky":false,"template":"","format":"standard","meta":{"footnotes":""},"categories":[1923,1,1418],"tags":[1924,1927,1926,1925],"class_list":{"0":"post-18771","1":"post","2":"type-post","3":"status-publish","4":"format-standard","5":"has-post-thumbnail","6":"hentry","7":"category-avisa-la-40-anos","8":"category-noticias","9":"category-novidades","10":"tag-avisa-la-40-anos","11":"tag-programa-capacitar","12":"tag-referencia","13":"tag-trajetoria-profissional","15":"post-with-thumbnail","16":"post-with-thumbnail-large"},"_links":{"self":[{"href":"https:\/\/avisala.org.br\/index.php\/wp-json\/wp\/v2\/posts\/18771","targetHints":{"allow":["GET"]}}],"collection":[{"href":"https:\/\/avisala.org.br\/index.php\/wp-json\/wp\/v2\/posts"}],"about":[{"href":"https:\/\/avisala.org.br\/index.php\/wp-json\/wp\/v2\/types\/post"}],"author":[{"embeddable":true,"href":"https:\/\/avisala.org.br\/index.php\/wp-json\/wp\/v2\/users\/226"}],"replies":[{"embeddable":true,"href":"https:\/\/avisala.org.br\/index.php\/wp-json\/wp\/v2\/comments?post=18771"}],"version-history":[{"count":2,"href":"https:\/\/avisala.org.br\/index.php\/wp-json\/wp\/v2\/posts\/18771\/revisions"}],"predecessor-version":[{"id":18775,"href":"https:\/\/avisala.org.br\/index.php\/wp-json\/wp\/v2\/posts\/18771\/revisions\/18775"}],"wp:featuredmedia":[{"embeddable":true,"href":"https:\/\/avisala.org.br\/index.php\/wp-json\/wp\/v2\/media\/18773"}],"wp:attachment":[{"href":"https:\/\/avisala.org.br\/index.php\/wp-json\/wp\/v2\/media?parent=18771"}],"wp:term":[{"taxonomy":"category","embeddable":true,"href":"https:\/\/avisala.org.br\/index.php\/wp-json\/wp\/v2\/categories?post=18771"},{"taxonomy":"post_tag","embeddable":true,"href":"https:\/\/avisala.org.br\/index.php\/wp-json\/wp\/v2\/tags?post=18771"}],"curies":[{"name":"wp","href":"https:\/\/api.w.org\/{rel}","templated":true}]}}