{"id":17339,"date":"2025-01-13T10:11:37","date_gmt":"2025-01-13T13:11:37","guid":{"rendered":"https:\/\/avisala.org.br\/?p=17339"},"modified":"2025-01-13T10:16:10","modified_gmt":"2025-01-13T13:16:10","slug":"finalmentes-janeiro-2025","status":"publish","type":"post","link":"https:\/\/avisala.org.br\/index.php\/noticias\/finalmentes-janeiro-2025\/","title":{"rendered":"Finalmentes &#8211; Janeiro 2025"},"content":{"rendered":"<p>\u00a0<\/p>\n<p><a href=\"https:\/\/avisala.org.br\/wp-content\/uploads\/2025\/01\/As-coisas-simples-1.pdf\"><img loading=\"lazy\" decoding=\"async\" class=\" wp-image-17341 alignleft\" src=\"https:\/\/avisala.org.br\/wp-content\/uploads\/2025\/01\/As-coisas-simples--227x300.jpg\" alt=\"\" width=\"138\" height=\"182\" srcset=\"https:\/\/avisala.org.br\/wp-content\/uploads\/2025\/01\/As-coisas-simples--227x300.jpg 227w, https:\/\/avisala.org.br\/wp-content\/uploads\/2025\/01\/As-coisas-simples-.jpg 454w\" sizes=\"auto, (max-width: 138px) 100vw, 138px\" \/><\/a>O Finalmentes do primeiro m\u00eas de 2025 &#8220;As coisas simples e \u00e0 toa que fazem a vida melhorar&#8221; \u00e9 especial!<br \/>Nele, Silvana Augusto conta um fato, acontecido em uma escola, que demostra como o interesse genu\u00edno em conhecer o outro, em escutar a crian\u00e7a, pode mudar o dia (ou a vida) de todos: de quem fala, de quem escuta e dos demais envolvidos no contexto.<br \/>Afirma, ainda, que em tempos de crise, n\u00e3o podemos economizar sensibilidade.<\/p>\n<p>Confira o texto em: <a href=\"https:\/\/avisala.org.br\/wp-content\/uploads\/2025\/01\/As-coisas-simples-1.pdf\">https:\/\/avisala.org.br\/wp-content\/uploads\/2025\/01\/As-coisas-simples.pdf<\/a><\/p>\n<p>Este Finalmentes foi originalmente publicado na Revista Avisa l\u00e1 no. 69 de fevereiro de 2017.<\/p>\n<p>\u00a0<\/p>\n<p>\u00a0<\/p>\n\n\n<figure class=\"wp-block-gallery has-nested-images columns-default is-cropped wp-block-gallery-1 is-layout-flex wp-block-gallery-is-layout-flex\"><\/figure>\n","protected":false},"excerpt":{"rendered":"<p>\u00a0 O Finalmentes do primeiro m\u00eas de 2025 &#8220;As coisas simples e \u00e0 toa que fazem a vida melhorar&#8221; \u00e9 especial!Nele, Silvana Augusto conta um fato, acontecido em uma escola, que demostra como o interesse genu\u00edno em conhecer o outro, em escutar a crian\u00e7a, pode mudar o dia (ou a vida) de todos: de quem [&hellip;]<\/p>\n","protected":false},"author":226,"featured_media":17342,"comment_status":"open","ping_status":"open","sticky":false,"template":"","format":"standard","meta":{"footnotes":""},"categories":[1,1861,1418],"tags":[584,1449,1671],"class_list":{"0":"post-17339","1":"post","2":"type-post","3":"status-publish","4":"format-standard","5":"has-post-thumbnail","6":"hentry","7":"category-noticias","8":"category-finalmentes","9":"category-novidades","10":"tag-escola","11":"tag-escuta","12":"tag-finalmentes-2","14":"post-with-thumbnail","15":"post-with-thumbnail-large"},"_links":{"self":[{"href":"https:\/\/avisala.org.br\/index.php\/wp-json\/wp\/v2\/posts\/17339","targetHints":{"allow":["GET"]}}],"collection":[{"href":"https:\/\/avisala.org.br\/index.php\/wp-json\/wp\/v2\/posts"}],"about":[{"href":"https:\/\/avisala.org.br\/index.php\/wp-json\/wp\/v2\/types\/post"}],"author":[{"embeddable":true,"href":"https:\/\/avisala.org.br\/index.php\/wp-json\/wp\/v2\/users\/226"}],"replies":[{"embeddable":true,"href":"https:\/\/avisala.org.br\/index.php\/wp-json\/wp\/v2\/comments?post=17339"}],"version-history":[{"count":3,"href":"https:\/\/avisala.org.br\/index.php\/wp-json\/wp\/v2\/posts\/17339\/revisions"}],"predecessor-version":[{"id":17347,"href":"https:\/\/avisala.org.br\/index.php\/wp-json\/wp\/v2\/posts\/17339\/revisions\/17347"}],"wp:featuredmedia":[{"embeddable":true,"href":"https:\/\/avisala.org.br\/index.php\/wp-json\/wp\/v2\/media\/17342"}],"wp:attachment":[{"href":"https:\/\/avisala.org.br\/index.php\/wp-json\/wp\/v2\/media?parent=17339"}],"wp:term":[{"taxonomy":"category","embeddable":true,"href":"https:\/\/avisala.org.br\/index.php\/wp-json\/wp\/v2\/categories?post=17339"},{"taxonomy":"post_tag","embeddable":true,"href":"https:\/\/avisala.org.br\/index.php\/wp-json\/wp\/v2\/tags?post=17339"}],"curies":[{"name":"wp","href":"https:\/\/api.w.org\/{rel}","templated":true}]}}