{"id":15230,"date":"2023-03-31T20:03:03","date_gmt":"2023-03-31T23:03:03","guid":{"rendered":"https:\/\/avisala.org.br\/?p=15230"},"modified":"2023-03-31T20:21:12","modified_gmt":"2023-03-31T23:21:12","slug":"lancamento-do-livro-historias-de-benevides-palavra-liberdade","status":"publish","type":"post","link":"https:\/\/avisala.org.br\/index.php\/noticias\/lancamento-do-livro-historias-de-benevides-palavra-liberdade\/","title":{"rendered":"Lan\u00e7amento do livro \u201cHist\u00f3rias de Benevides, Palavra Liberdade\u201d"},"content":{"rendered":"<p><a href=\"https:\/\/avisala.org.br\/index.php\/biblioteca\/\"><img loading=\"lazy\" decoding=\"async\" class=\"size-medium wp-image-15236 alignleft\" src=\"https:\/\/avisala.org.br\/wp-content\/uploads\/2023\/03\/memorialocal-186x300.jpg\" alt=\"\" width=\"186\" height=\"300\" srcset=\"https:\/\/avisala.org.br\/wp-content\/uploads\/2023\/03\/memorialocal-186x300.jpg 186w, https:\/\/avisala.org.br\/wp-content\/uploads\/2023\/03\/memorialocal.jpg 360w\" sizes=\"auto, (max-width: 186px) 100vw, 186px\" \/><\/a>Livro produzido pelos alunos de EJA &#8211; Educa\u00e7\u00e3o de Jovens e Adultos, de oito escolas da Rede Municipal de Educa\u00e7\u00e3o de Benevides\/PA, <strong>\u201cHist\u00f3rias de Benevides, Palavra Liberdade\u201d,<\/strong> \u00e9 o resultado de <strong>Programa Mem\u00f3ria Local na Escola<\/strong>, uma parceria do Avisa L\u00e1, Museu da Pessoa, Ultragaz e da Secretaria de Educa\u00e7\u00e3o do munic\u00edpio. O livro, que tamb\u00e9m foi ilustrado pelos alunos, compartilha mem\u00f3rias de pessoas que vivem e fazem hist\u00f3ria na cidade.<\/p>\n<p>O programa, tem por objetivo preservar a mem\u00f3ria das comunidades, envolvendo alunos e professores do ensino fundamental I no registro das hist\u00f3rias dos moradores locais, que se efetiva com a forma\u00e7\u00e3o continuada de coordenadores, professores e atividades diretas com os alunos, que alia a metodologia de mem\u00f3ria oral \u00e0s atividades de leitura, escrita, oralidade, pesquisa e produ\u00e7\u00e3o de conte\u00fado.<\/p>\n<p>O livro encontra-se em nossa Biblioteca, <a href=\"https:\/\/avisala.org.br\/index.php\/biblioteca\/\">clique aqui<\/a> para acessar.<\/p>\n<p><img loading=\"lazy\" decoding=\"async\" class=\"alignnone  wp-image-15231\" src=\"https:\/\/avisala.org.br\/wp-content\/uploads\/2023\/03\/Captura-de-tela-2023-03-31-103723-300x176.jpg\" alt=\"\" width=\"368\" height=\"216\" srcset=\"https:\/\/avisala.org.br\/wp-content\/uploads\/2023\/03\/Captura-de-tela-2023-03-31-103723-300x176.jpg 300w, https:\/\/avisala.org.br\/wp-content\/uploads\/2023\/03\/Captura-de-tela-2023-03-31-103723.jpg 546w\" sizes=\"auto, (max-width: 368px) 100vw, 368px\" \/> <img loading=\"lazy\" decoding=\"async\" class=\"alignnone  wp-image-15239\" src=\"https:\/\/avisala.org.br\/wp-content\/uploads\/2023\/03\/Captura-de-tela-2023-03-31-104557-300x262.jpg\" alt=\"\" width=\"248\" height=\"216\" srcset=\"https:\/\/avisala.org.br\/wp-content\/uploads\/2023\/03\/Captura-de-tela-2023-03-31-104557-300x262.jpg 300w, https:\/\/avisala.org.br\/wp-content\/uploads\/2023\/03\/Captura-de-tela-2023-03-31-104557.jpg 406w\" sizes=\"auto, (max-width: 248px) 100vw, 248px\" \/><\/p>\n","protected":false},"excerpt":{"rendered":"<p>Livro produzido pelos alunos de EJA &#8211; Educa\u00e7\u00e3o de Jovens e Adultos, de oito escolas da Rede Municipal de Educa\u00e7\u00e3o de Benevides\/PA, \u201cHist\u00f3rias de Benevides, Palavra Liberdade\u201d, \u00e9 o resultado de Programa Mem\u00f3ria Local na Escola, uma parceria do Avisa L\u00e1, Museu da Pessoa, Ultragaz e da Secretaria de Educa\u00e7\u00e3o do munic\u00edpio. O livro, que [&hellip;]<\/p>\n","protected":false},"author":226,"featured_media":15232,"comment_status":"open","ping_status":"open","sticky":false,"template":"","format":"standard","meta":{"footnotes":""},"categories":[1,1418],"tags":[1719,1720,585,604],"class_list":{"0":"post-15230","1":"post","2":"type-post","3":"status-publish","4":"format-standard","5":"has-post-thumbnail","6":"hentry","7":"category-noticias","8":"category-novidades","9":"tag-benevides-pa","10":"tag-eja","11":"tag-memoria-local","12":"tag-parceria","14":"post-with-thumbnail","15":"post-with-thumbnail-large"},"_links":{"self":[{"href":"https:\/\/avisala.org.br\/index.php\/wp-json\/wp\/v2\/posts\/15230","targetHints":{"allow":["GET"]}}],"collection":[{"href":"https:\/\/avisala.org.br\/index.php\/wp-json\/wp\/v2\/posts"}],"about":[{"href":"https:\/\/avisala.org.br\/index.php\/wp-json\/wp\/v2\/types\/post"}],"author":[{"embeddable":true,"href":"https:\/\/avisala.org.br\/index.php\/wp-json\/wp\/v2\/users\/226"}],"replies":[{"embeddable":true,"href":"https:\/\/avisala.org.br\/index.php\/wp-json\/wp\/v2\/comments?post=15230"}],"version-history":[{"count":0,"href":"https:\/\/avisala.org.br\/index.php\/wp-json\/wp\/v2\/posts\/15230\/revisions"}],"wp:featuredmedia":[{"embeddable":true,"href":"https:\/\/avisala.org.br\/index.php\/wp-json\/wp\/v2\/media\/15232"}],"wp:attachment":[{"href":"https:\/\/avisala.org.br\/index.php\/wp-json\/wp\/v2\/media?parent=15230"}],"wp:term":[{"taxonomy":"category","embeddable":true,"href":"https:\/\/avisala.org.br\/index.php\/wp-json\/wp\/v2\/categories?post=15230"},{"taxonomy":"post_tag","embeddable":true,"href":"https:\/\/avisala.org.br\/index.php\/wp-json\/wp\/v2\/tags?post=15230"}],"curies":[{"name":"wp","href":"https:\/\/api.w.org\/{rel}","templated":true}]}}