{"id":13773,"date":"2022-06-03T16:31:03","date_gmt":"2022-06-03T19:31:03","guid":{"rendered":"https:\/\/avisala.org.br\/?p=13773"},"modified":"2022-06-03T16:32:38","modified_gmt":"2022-06-03T19:32:38","slug":"programa-formar-alfabetizacao","status":"publish","type":"post","link":"https:\/\/avisala.org.br\/index.php\/noticias\/programa-formar-alfabetizacao\/","title":{"rendered":"Programa Formar Alfabetiza\u00e7\u00e3o"},"content":{"rendered":"<p><a href=\"https:\/\/dpontanews.com.br\/campos-gerais\/professores-e-coordenadores-pedagogicos-participam-de-seminario-formar-alfabetizacao\/?fbclid=IwAR19PSQ5vS3swHp3iWGC3n4ObrxvHnckWn5RxfrSoGcNe5G0k-yhWsrtF0E\"><img loading=\"lazy\" decoding=\"async\" class=\"size-medium wp-image-13774 alignleft\" src=\"https:\/\/avisala.org.br\/wp-content\/uploads\/2022\/06\/Seminario-Castro-Formar-Alfabet-300x200.png\" alt=\"\" width=\"300\" height=\"200\" srcset=\"https:\/\/avisala.org.br\/wp-content\/uploads\/2022\/06\/Seminario-Castro-Formar-Alfabet-300x200.png 300w, https:\/\/avisala.org.br\/wp-content\/uploads\/2022\/06\/Seminario-Castro-Formar-Alfabet-768x513.png 768w, https:\/\/avisala.org.br\/wp-content\/uploads\/2022\/06\/Seminario-Castro-Formar-Alfabet-272x182.png 272w, https:\/\/avisala.org.br\/wp-content\/uploads\/2022\/06\/Seminario-Castro-Formar-Alfabet.png 863w\" sizes=\"auto, (max-width: 300px) 100vw, 300px\" \/><\/a><br \/>\nPrograma de forma\u00e7\u00e3o para equipes t\u00e9cnicas das secretarias, coordenadores pedag\u00f3gicos e professores das redes p\u00fablicas\u00a0 em alfabetiza\u00e7\u00e3o inicial, a\u00e7\u00e3o do Avisa L\u00e1, em parceria com o <a role=\"link\" href=\"https:\/\/www.facebook.com\/Instituto-Gesto-106422777971089\/?__cft__[0]=AZVBcoJit1EPU1n8OrPh8k5kovfe4yVyTTR56xzne2x1v1foga9E5j3JHI6wVwjar-Kb2dPpaSE89AXjhl5dfTEOHJ_V7pUWqGCPmdx8k2bmgQNQ3Hn7MaqA-5hKbmHIMFHAotwLqOOh81wLRHbnd0RMw1d5SaQc1jdTi-3btg8LarTVnbbN185AeI-wdYzDhz5aZmI-p1hGyfW97H3dGJ1H&amp;__tn__=kK-R\" target=\"_blank\" rel=\"noopener\" data-saferedirecturl=\"https:\/\/www.google.com\/url?q=https:\/\/www.facebook.com\/Instituto-Gesto-106422777971089\/?__cft__%5B0%5D%3DAZVBcoJit1EPU1n8OrPh8k5kovfe4yVyTTR56xzne2x1v1foga9E5j3JHI6wVwjar-Kb2dPpaSE89AXjhl5dfTEOHJ_V7pUWqGCPmdx8k2bmgQNQ3Hn7MaqA-5hKbmHIMFHAotwLqOOh81wLRHbnd0RMw1d5SaQc1jdTi-3btg8LarTVnbbN185AeI-wdYzDhz5aZmI-p1hGyfW97H3dGJ1H%26__tn__%3DkK-R&amp;source=gmail&amp;ust=1654370296898000&amp;usg=AOvVaw3uIG6LhSR5UbfvLSwyAW3e\">Instituto Gesto<\/a> e Secretaria Municipal de Educa\u00e7\u00e3o de Castro\/PR, realizou, nesta semana, seu semin\u00e1rio presencial, uma das a\u00e7\u00f5es do programa.<br \/>\n<a href=\"https:\/\/dpontanews.com.br\/campos-gerais\/professores-e-coordenadores-pedagogicos-participam-de-seminario-formar-alfabetizacao\/?fbclid=IwAR19PSQ5vS3swHp3iWGC3n4ObrxvHnckWn5RxfrSoGcNe5G0k-yhWsrtF0E\">Confira mat\u00e9ria local sobre o evento.<\/a><\/p>\n","protected":false},"excerpt":{"rendered":"<p>Programa de forma\u00e7\u00e3o para equipes t\u00e9cnicas das secretarias, coordenadores pedag\u00f3gicos e professores das redes p\u00fablicas\u00a0 em alfabetiza\u00e7\u00e3o inicial, a\u00e7\u00e3o do Avisa L\u00e1, em parceria com o Instituto Gesto e Secretaria Municipal de Educa\u00e7\u00e3o de Castro\/PR, realizou, nesta semana, seu semin\u00e1rio presencial, uma das a\u00e7\u00f5es do programa. Confira mat\u00e9ria local sobre o evento.<\/p>\n","protected":false},"author":226,"featured_media":13774,"comment_status":"open","ping_status":"open","sticky":false,"template":"","format":"standard","meta":{"footnotes":""},"categories":[18,1,1418],"tags":[1325,607,604],"class_list":{"0":"post-13773","1":"post","2":"type-post","3":"status-publish","4":"format-standard","5":"has-post-thumbnail","6":"hentry","7":"category-alfabetizacao","8":"category-noticias","9":"category-novidades","10":"tag-alfabetizacao","11":"tag-formacao","12":"tag-parceria","14":"post-with-thumbnail","15":"post-with-thumbnail-large"},"_links":{"self":[{"href":"https:\/\/avisala.org.br\/index.php\/wp-json\/wp\/v2\/posts\/13773","targetHints":{"allow":["GET"]}}],"collection":[{"href":"https:\/\/avisala.org.br\/index.php\/wp-json\/wp\/v2\/posts"}],"about":[{"href":"https:\/\/avisala.org.br\/index.php\/wp-json\/wp\/v2\/types\/post"}],"author":[{"embeddable":true,"href":"https:\/\/avisala.org.br\/index.php\/wp-json\/wp\/v2\/users\/226"}],"replies":[{"embeddable":true,"href":"https:\/\/avisala.org.br\/index.php\/wp-json\/wp\/v2\/comments?post=13773"}],"version-history":[{"count":0,"href":"https:\/\/avisala.org.br\/index.php\/wp-json\/wp\/v2\/posts\/13773\/revisions"}],"wp:featuredmedia":[{"embeddable":true,"href":"https:\/\/avisala.org.br\/index.php\/wp-json\/wp\/v2\/media\/13774"}],"wp:attachment":[{"href":"https:\/\/avisala.org.br\/index.php\/wp-json\/wp\/v2\/media?parent=13773"}],"wp:term":[{"taxonomy":"category","embeddable":true,"href":"https:\/\/avisala.org.br\/index.php\/wp-json\/wp\/v2\/categories?post=13773"},{"taxonomy":"post_tag","embeddable":true,"href":"https:\/\/avisala.org.br\/index.php\/wp-json\/wp\/v2\/tags?post=13773"}],"curies":[{"name":"wp","href":"https:\/\/api.w.org\/{rel}","templated":true}]}}