{"id":1320,"date":"2002-01-22T11:44:37","date_gmt":"2002-01-22T13:44:37","guid":{"rendered":"http:\/\/avisala1.tempsite.ws\/portal\/?p=1320"},"modified":"2023-11-10T09:52:08","modified_gmt":"2023-11-10T12:52:08","slug":"monumentos-de-ituiutaba","status":"publish","type":"post","link":"https:\/\/avisala.org.br\/index.php\/assunto\/tempo-didadico\/monumentos-de-ituiutaba\/","title":{"rendered":"Monumentos de Ituiutaba"},"content":{"rendered":"<p>A participa\u00e7\u00e3o de diferentes cidades fez com que, embora o desenho do projeto fosse muito semelhante, ele tivesse caracter\u00edsticas locais muito interessantes e originais. Os trabalhos resultam em produtos finais variados, exposi\u00e7\u00e3o e cria\u00e7\u00e3o de conte\u00fado para site na Internet.<!--more--><br \/>\nAcesse o site <a href=\"https:\/\/www.museudapessoa.com.br\/\">www.museudapessoa.com.br<\/a><\/p>\n<p><img loading=\"lazy\" decoding=\"async\" class=\"aligncenter size-full wp-image-1321\" title=\"ituitutaba\" src=\"http:\/\/avisala.org.br\/wp-content\/uploads\/2012\/10\/ituitutaba.jpg\" alt=\"\" width=\"381\" height=\"273\" srcset=\"https:\/\/avisala.org.br\/wp-content\/uploads\/2012\/10\/ituitutaba.jpg 381w, https:\/\/avisala.org.br\/wp-content\/uploads\/2012\/10\/ituitutaba-300x214.jpg 300w\" sizes=\"auto, (max-width: 381px) 100vw, 381px\" \/><\/p>\n<h4>Ficha t\u00e9cnica:<\/h4>\n<p>Projeto Hist\u00f3rias da Nossa Terra, inciativa CTBC &#8211; Telecom. Desenvolvimento: Museu da Pessoa, Instituto Avisa-l\u00e1, Escola<br \/>\nMunicipal Machado de Assis, Escola Municipal \u00c1lvaro Brand\u00e3o, Escola Municipal Arthur Junqueira e mais seis escolas atendidas indiretamente. Equipe: Silvana Augusto, Claudia Leonor e Denise Nalini.<\/p>\n<p><img loading=\"lazy\" decoding=\"async\" class=\"aligncenter size-full wp-image-1322\" title=\"avisala_09_ituiut\" src=\"http:\/\/avisala.org.br\/wp-content\/uploads\/2012\/10\/avisala_09_ituiut.jpg\" alt=\"\" width=\"248\" height=\"282\" \/><\/p>\n<h3>E Vila Isabel das Crian\u00e7as<\/h3>\n<p><img loading=\"lazy\" decoding=\"async\" class=\"aligncenter size-full wp-image-1330\" title=\"avisala_09_vila\" src=\"http:\/\/avisala.org.br\/wp-content\/uploads\/2012\/10\/avisala_09_vila.jpg\" alt=\"\" width=\"336\" height=\"226\" srcset=\"https:\/\/avisala.org.br\/wp-content\/uploads\/2012\/10\/avisala_09_vila.jpg 336w, https:\/\/avisala.org.br\/wp-content\/uploads\/2012\/10\/avisala_09_vila-300x201.jpg 300w\" sizes=\"auto, (max-width: 336px) 100vw, 336px\" \/><br \/>\nUm projeto que deu samba assim como a Vila Isabel<\/p>\n<h4>Ficha t\u00e9cnica:<\/h4>\n<p><img loading=\"lazy\" decoding=\"async\" class=\"alignleft size-full wp-image-1331\" title=\"avisala_09_vila2\" src=\"http:\/\/avisala.org.br\/wp-content\/uploads\/2012\/10\/avisala_09_vila2.jpg\" alt=\"\" width=\"155\" height=\"297\" \/>Projeto P\u00e3o de A\u00e7ucar faz Hist\u00f3ria, iniciativa Instituto P\u00e3o<br \/>\nde A\u00e7\u00facar. Desenvolvimento: Museu da Pessoa, Instituto Avisal\u00e1,<br \/>\nEscola Municipal Rep\u00fablica Argentina, Escola Municipal Noel<br \/>\nRosa, Escola Municipal Bar\u00e3o Homem de Mello. Escola Municipal<br \/>\nFriedenreich, CIEP Presidente Salvador Allende. Equipe: Edileine<br \/>\nFonseca, Zilda Kessel e Denise Nalini.<br \/>\n<img loading=\"lazy\" decoding=\"async\" class=\"aligncenter size-full wp-image-1332\" title=\"avisala_09_vila3\" src=\"http:\/\/avisala.org.br\/wp-content\/uploads\/2012\/10\/avisala_09_vila3.jpg\" alt=\"\" width=\"309\" height=\"195\" srcset=\"https:\/\/avisala.org.br\/wp-content\/uploads\/2012\/10\/avisala_09_vila3.jpg 309w, https:\/\/avisala.org.br\/wp-content\/uploads\/2012\/10\/avisala_09_vila3-300x189.jpg 300w\" sizes=\"auto, (max-width: 309px) 100vw, 309px\" \/><\/p>\n<h6><\/h6>\n","protected":false},"excerpt":{"rendered":"<p>Projeto Monumentos de Ituiutaba e Vila Isabel das Crian\u00e7as &#8211; Projeto P\u00e3o de A\u00e7ucar faz Hist\u00f3ria<\/p>\n","protected":false},"author":61,"featured_media":3169,"comment_status":"open","ping_status":"open","sticky":false,"template":"","format":"standard","meta":{"footnotes":""},"categories":[327,34],"tags":[1103,356,345,349,350,355,348,354,353,347,352,343,340,344,351,346,357],"class_list":{"0":"post-1320","1":"post","2":"type-post","3":"status-publish","4":"format-standard","5":"has-post-thumbnail","6":"hentry","7":"category-revista-avisala-09","8":"category-tempo-didadico","9":"tag-revista-avisa-la-2002","10":"tag-ciep-presidente-salvador-allende","11":"tag-ctbc","12":"tag-escola-municipal-alvaro-brandao","13":"tag-escola-municipal-arthur-junqueira","14":"tag-escola-municipal-barao-homem-de-mello-escola-municipal-friedenreich","15":"tag-escola-municipal-machado-de-assis","16":"tag-escola-municipal-noel-rosa","17":"tag-escola-municipal-republica-argentina","18":"tag-instituto-avisa-la","19":"tag-instituto-pao-de-acucar","20":"tag-ituiutaba","21":"tag-museu-da-pessoa","22":"tag-projeto-historias-da-nossa-terra","23":"tag-projeto-pao-de-acucar-faz-historia","24":"tag-telecom","25":"tag-vila-isabel","27":"post-with-thumbnail","28":"post-with-thumbnail-large"},"_links":{"self":[{"href":"https:\/\/avisala.org.br\/index.php\/wp-json\/wp\/v2\/posts\/1320","targetHints":{"allow":["GET"]}}],"collection":[{"href":"https:\/\/avisala.org.br\/index.php\/wp-json\/wp\/v2\/posts"}],"about":[{"href":"https:\/\/avisala.org.br\/index.php\/wp-json\/wp\/v2\/types\/post"}],"author":[{"embeddable":true,"href":"https:\/\/avisala.org.br\/index.php\/wp-json\/wp\/v2\/users\/61"}],"replies":[{"embeddable":true,"href":"https:\/\/avisala.org.br\/index.php\/wp-json\/wp\/v2\/comments?post=1320"}],"version-history":[{"count":1,"href":"https:\/\/avisala.org.br\/index.php\/wp-json\/wp\/v2\/posts\/1320\/revisions"}],"predecessor-version":[{"id":16197,"href":"https:\/\/avisala.org.br\/index.php\/wp-json\/wp\/v2\/posts\/1320\/revisions\/16197"}],"wp:featuredmedia":[{"embeddable":true,"href":"https:\/\/avisala.org.br\/index.php\/wp-json\/wp\/v2\/media\/3169"}],"wp:attachment":[{"href":"https:\/\/avisala.org.br\/index.php\/wp-json\/wp\/v2\/media?parent=1320"}],"wp:term":[{"taxonomy":"category","embeddable":true,"href":"https:\/\/avisala.org.br\/index.php\/wp-json\/wp\/v2\/categories?post=1320"},{"taxonomy":"post_tag","embeddable":true,"href":"https:\/\/avisala.org.br\/index.php\/wp-json\/wp\/v2\/tags?post=1320"}],"curies":[{"name":"wp","href":"https:\/\/api.w.org\/{rel}","templated":true}]}}