{"id":11006,"date":"2020-09-15T14:28:00","date_gmt":"2020-09-15T17:28:00","guid":{"rendered":"https:\/\/avisala.org.br\/?p=11006"},"modified":"2020-09-16T08:53:40","modified_gmt":"2020-09-16T11:53:40","slug":"as-interacoes-principio-inegociavel-do-humano-reflexoes-sobre-a-retomada-das-atividades-na-educacao-infantil","status":"publish","type":"post","link":"https:\/\/avisala.org.br\/index.php\/noticias\/as-interacoes-principio-inegociavel-do-humano-reflexoes-sobre-a-retomada-das-atividades-na-educacao-infantil\/","title":{"rendered":"As Intera\u00e7\u00f5es, princ\u00edpio inegoci\u00e1vel do humano: reflex\u00f5es sobre a retomada das atividades na educa\u00e7\u00e3o infantil."},"content":{"rendered":"<p style=\"text-align: center;\">Eliana Chalmers Sisla<\/p>\n<p style=\"text-align: center;\">clique na imagem<br \/>\n<a href=\"https:\/\/avisala.org.br\/wp-content\/uploads\/2020\/09\/Interacoes-principio-inegociavel_2.pdf\"><img loading=\"lazy\" decoding=\"async\" class=\"aligncenter wp-image-10997 size-medium\" src=\"https:\/\/avisala.org.br\/wp-content\/uploads\/2020\/09\/Umbigos-1-300x148.jpg\" alt=\"\" width=\"300\" height=\"148\" srcset=\"https:\/\/avisala.org.br\/wp-content\/uploads\/2020\/09\/Umbigos-1-300x148.jpg 300w, https:\/\/avisala.org.br\/wp-content\/uploads\/2020\/09\/Umbigos-1-1024x504.jpg 1024w, https:\/\/avisala.org.br\/wp-content\/uploads\/2020\/09\/Umbigos-1-768x378.jpg 768w, https:\/\/avisala.org.br\/wp-content\/uploads\/2020\/09\/Umbigos-1.jpg 1389w\" sizes=\"auto, (max-width: 300px) 100vw, 300px\" \/><\/a><\/p>\n","protected":false},"excerpt":{"rendered":"<p>Eliana Chalmers Sisla clique na imagem<\/p>\n","protected":false},"author":226,"featured_media":11004,"comment_status":"open","ping_status":"open","sticky":false,"template":"","format":"standard","meta":{"footnotes":""},"categories":[1,1419,1418],"tags":[294,1472,1471],"class_list":{"0":"post-11006","1":"post","2":"type-post","3":"status-publish","4":"format-standard","5":"has-post-thumbnail","6":"hentry","7":"category-noticias","8":"category-colunistas","9":"category-novidades","10":"tag-educacao-infantil-2","11":"tag-interacoes","12":"tag-reabertura-das-unidades-educacionais","14":"post-with-thumbnail","15":"post-with-thumbnail-large"},"_links":{"self":[{"href":"https:\/\/avisala.org.br\/index.php\/wp-json\/wp\/v2\/posts\/11006","targetHints":{"allow":["GET"]}}],"collection":[{"href":"https:\/\/avisala.org.br\/index.php\/wp-json\/wp\/v2\/posts"}],"about":[{"href":"https:\/\/avisala.org.br\/index.php\/wp-json\/wp\/v2\/types\/post"}],"author":[{"embeddable":true,"href":"https:\/\/avisala.org.br\/index.php\/wp-json\/wp\/v2\/users\/226"}],"replies":[{"embeddable":true,"href":"https:\/\/avisala.org.br\/index.php\/wp-json\/wp\/v2\/comments?post=11006"}],"version-history":[{"count":0,"href":"https:\/\/avisala.org.br\/index.php\/wp-json\/wp\/v2\/posts\/11006\/revisions"}],"wp:featuredmedia":[{"embeddable":true,"href":"https:\/\/avisala.org.br\/index.php\/wp-json\/wp\/v2\/media\/11004"}],"wp:attachment":[{"href":"https:\/\/avisala.org.br\/index.php\/wp-json\/wp\/v2\/media?parent=11006"}],"wp:term":[{"taxonomy":"category","embeddable":true,"href":"https:\/\/avisala.org.br\/index.php\/wp-json\/wp\/v2\/categories?post=11006"},{"taxonomy":"post_tag","embeddable":true,"href":"https:\/\/avisala.org.br\/index.php\/wp-json\/wp\/v2\/tags?post=11006"}],"curies":[{"name":"wp","href":"https:\/\/api.w.org\/{rel}","templated":true}]}}