{"id":10451,"date":"2020-01-13T09:35:54","date_gmt":"2020-01-13T12:35:54","guid":{"rendered":"https:\/\/avisala.org.br\/?p=10451"},"modified":"2020-06-01T11:38:37","modified_gmt":"2020-06-01T14:38:37","slug":"livros-do-projeto-memoria-local-na-escola-para-download-gratuito-na-biblioteca","status":"publish","type":"post","link":"https:\/\/avisala.org.br\/index.php\/noticias\/livros-do-projeto-memoria-local-na-escola-para-download-gratuito-na-biblioteca\/","title":{"rendered":"Livros do Projeto Mem\u00f3ria Local na Escola para download gratuito na Biblioteca"},"content":{"rendered":"<p><a href=\"https:\/\/avisala.org.br\/index.php\/biblioteca-2\/\"><img loading=\"lazy\" decoding=\"async\" class=\"wp-image-10452 aligncenter\" src=\"https:\/\/avisala.org.br\/wp-content\/uploads\/2020\/01\/Imagem-Mem\u00f3ria-Local-300x276.png\" alt=\"\" width=\"264\" height=\"243\" srcset=\"https:\/\/avisala.org.br\/wp-content\/uploads\/2020\/01\/Imagem-Mem\u00f3ria-Local-300x276.png 300w, https:\/\/avisala.org.br\/wp-content\/uploads\/2020\/01\/Imagem-Mem\u00f3ria-Local.png 378w\" sizes=\"auto, (max-width: 264px) 100vw, 264px\" \/><\/a><\/p>\n<p>A a\u00e7\u00e3o tem por objetivo preservar a mem\u00f3ria das comunidades, envolvendo alunos e professores do ensino fundamental I no registro das hist\u00f3rias dos moradores locais.<br \/>\nA forma\u00e7\u00e3o de professores, coordenadores pedag\u00f3gicos e alunos, por meio de encontros mensais, promove o uso da mem\u00f3ria oral no cotidiano escolar, de forma a incentivar o contato com a hist\u00f3ria da cidade, o estreitamento das rela\u00e7\u00f5es humanas na comunidade, o desenvolvimento de comportamentos leitores e escritores nos alunos.<\/p>\n<p>O Projeto, patrocinado pela Ultragaz, foi desenvolvido em Marituba (PA), Mesquita (RJ), Porto Alegre (RS), Recife (PE), Ribeir\u00e3o Preto (SP), Salvador (BA) e S\u00e3o Lu\u00eds (MA).<\/p>\n<p>A produ\u00e7\u00e3o dos alunos foi publicada em livros virtuais, dispon\u00edveis para download na Biblioteca do site do Avisa L\u00e1.<\/p>\n","protected":false},"excerpt":{"rendered":"<p>A a\u00e7\u00e3o tem por objetivo preservar a mem\u00f3ria das comunidades, envolvendo alunos e professores do ensino fundamental I no registro das hist\u00f3rias dos moradores locais. A forma\u00e7\u00e3o de professores, coordenadores pedag\u00f3gicos e alunos, por meio de encontros mensais, promove o uso da mem\u00f3ria oral no cotidiano escolar, de forma a incentivar o contato com a [&hellip;]<\/p>\n","protected":false},"author":226,"featured_media":10452,"comment_status":"open","ping_status":"open","sticky":false,"template":"","format":"standard","meta":{"footnotes":""},"categories":[1,35],"tags":[1395,1350,1331,584,1394,585,340,604],"class_list":{"0":"post-10451","1":"post","2":"type-post","3":"status-publish","4":"format-standard","5":"has-post-thumbnail","6":"hentry","7":"category-noticias","8":"category-programas","9":"tag-alunos-e-professores","10":"tag-avisa-la","11":"tag-ensino-fundamental","12":"tag-escola","13":"tag-historia-de-vida","14":"tag-memoria-local","15":"tag-museu-da-pessoa","16":"tag-parceria","18":"post-with-thumbnail","19":"post-with-thumbnail-large"},"_links":{"self":[{"href":"https:\/\/avisala.org.br\/index.php\/wp-json\/wp\/v2\/posts\/10451","targetHints":{"allow":["GET"]}}],"collection":[{"href":"https:\/\/avisala.org.br\/index.php\/wp-json\/wp\/v2\/posts"}],"about":[{"href":"https:\/\/avisala.org.br\/index.php\/wp-json\/wp\/v2\/types\/post"}],"author":[{"embeddable":true,"href":"https:\/\/avisala.org.br\/index.php\/wp-json\/wp\/v2\/users\/226"}],"replies":[{"embeddable":true,"href":"https:\/\/avisala.org.br\/index.php\/wp-json\/wp\/v2\/comments?post=10451"}],"version-history":[{"count":0,"href":"https:\/\/avisala.org.br\/index.php\/wp-json\/wp\/v2\/posts\/10451\/revisions"}],"wp:featuredmedia":[{"embeddable":true,"href":"https:\/\/avisala.org.br\/index.php\/wp-json\/wp\/v2\/media\/10452"}],"wp:attachment":[{"href":"https:\/\/avisala.org.br\/index.php\/wp-json\/wp\/v2\/media?parent=10451"}],"wp:term":[{"taxonomy":"category","embeddable":true,"href":"https:\/\/avisala.org.br\/index.php\/wp-json\/wp\/v2\/categories?post=10451"},{"taxonomy":"post_tag","embeddable":true,"href":"https:\/\/avisala.org.br\/index.php\/wp-json\/wp\/v2\/tags?post=10451"}],"curies":[{"name":"wp","href":"https:\/\/api.w.org\/{rel}","templated":true}]}}